{"id":2449,"date":"2025-08-14T15:06:33","date_gmt":"2025-08-14T13:06:33","guid":{"rendered":"https:\/\/www.mesnerhaus.at\/?p=2449"},"modified":"2026-08-30T10:51:04","modified_gmt":"2026-08-30T08:51:04","slug":"the-taste-of-herbst-when-two-michelin-starred-chefs-celebrate-golden-october","status":"publish","type":"post","link":"https:\/\/mesnerhaus.at\/en\/general\/the-taste-of-herbst-when-two-michelin-starred-chefs-celebrate-golden-october\/","title":{"rendered":"The Taste of Herbst \u2013 When two Michelin-starred chefs celebrate golden October"},"content":{"rendered":"\n<p class=\"wp-block-paragraph\">Es gibt diese besonderen Abende im Mesnerhaus, die schon Wochen vorher f\u00fcr Gespr\u00e4chsstoff sorgen. Der 25. Oktober 2025 wird so ein Abend sein. Denn wenn Andreas Herbst aus der Riederalm Leogang zu uns nach Mauterndorf kommt, dann treffen nicht nur zwei Freunde aufeinander \u2013 es begegnen sich zwei kulinarische Philosophien, die den Herbst auf ihre ganz eigene Art interpretieren.<\/p>\n\n<h2 class=\"wp-block-heading\"><strong>Ein Gipfeltreffen der Extraklasse<\/strong><\/h2>\n\n<p class=\"wp-block-paragraph\">Andreas Herbst und Josef Steffner verbindet mehr als nur die Mitgliedschaft bei den Jeunes Restaurateurs d&#8217;Europe. Beide teilen die Leidenschaft f\u00fcr regionale Produkte, beide wurden mit Michelin-Sternen ausgezeichnet, beide sammeln Gault&amp;Millau-Hauben wie andere Leute Briefmarken. Zusammen bringen sie es auf zwei Sterne und acht Hauben \u2013 aber Zahlen allein erz\u00e4hlen nicht die ganze Geschichte.<\/p>\n\n<p class=\"wp-block-paragraph\">Was die beiden wirklich verbindet, ist ihre Philosophie: Kochen mit Respekt vor dem Produkt, mit Liebe zum Detail und mit dieser gewissen Portion Kreativit\u00e4t, die aus einem guten Gericht ein unvergessliches Erlebnis macht. Andreas Herbst, der in seinem \u201edahoam\u201c in Leogang nicht nur einen MICHELIN-Stern, sondern auch den Gr\u00fcnen Stern f\u00fcr Nachhaltigkeit erkocht hat, bringt seine alpine Genusswerkstatt f\u00fcr einen Abend ins Mesnerhaus.<\/p>\n\n<figure class=\"wp-block-gallery has-nested-images columns-default is-cropped wp-block-gallery-1 is-layout-flex wp-block-gallery-is-layout-flex\">\n<figure class=\"wp-block-image size-large\"><img loading=\"lazy\" decoding=\"async\" width=\"1024\" height=\"626\" data-id=\"14606\" src=\"https:\/\/mesnerhaus.at\/wp-content\/uploads\/tasteofherbst_01-1024x626.jpg\" alt=\"\" class=\"wp-image-14606\" srcset=\"https:\/\/mesnerhaus.at\/wp-content\/uploads\/tasteofherbst_01-1024x626.jpg 1024w, https:\/\/mesnerhaus.at\/wp-content\/uploads\/tasteofherbst_01-300x184.jpg 300w, https:\/\/mesnerhaus.at\/wp-content\/uploads\/tasteofherbst_01-768x470.jpg 768w, https:\/\/mesnerhaus.at\/wp-content\/uploads\/tasteofherbst_01-800x489.jpg 800w, https:\/\/mesnerhaus.at\/wp-content\/uploads\/tasteofherbst_01-560x343.jpg 560w, https:\/\/mesnerhaus.at\/wp-content\/uploads\/tasteofherbst_01.jpg 1200w\" sizes=\"auto, (max-width: 1024px) 100vw, 1024px\" \/><\/figure>\n\n\n\n<figure class=\"wp-block-image size-large\"><img loading=\"lazy\" decoding=\"async\" width=\"768\" height=\"1024\" data-id=\"14608\" src=\"https:\/\/mesnerhaus.at\/wp-content\/uploads\/tasteofherbst_03-768x1024.jpg\" alt=\"\" class=\"wp-image-14608\" srcset=\"https:\/\/mesnerhaus.at\/wp-content\/uploads\/tasteofherbst_03-768x1024.jpg 768w, https:\/\/mesnerhaus.at\/wp-content\/uploads\/tasteofherbst_03-225x300.jpg 225w, https:\/\/mesnerhaus.at\/wp-content\/uploads\/tasteofherbst_03-300x400.jpg 300w, https:\/\/mesnerhaus.at\/wp-content\/uploads\/tasteofherbst_03-800x1067.jpg 800w, https:\/\/mesnerhaus.at\/wp-content\/uploads\/tasteofherbst_03-560x747.jpg 560w, https:\/\/mesnerhaus.at\/wp-content\/uploads\/tasteofherbst_03.jpg 900w\" sizes=\"auto, (max-width: 768px) 100vw, 768px\" \/><\/figure>\n\n\n\n<figure class=\"wp-block-image size-large\"><img loading=\"lazy\" decoding=\"async\" width=\"768\" height=\"1024\" data-id=\"14610\" src=\"https:\/\/mesnerhaus.at\/wp-content\/uploads\/tasteofherbst_07-768x1024.jpg\" alt=\"\" class=\"wp-image-14610\" srcset=\"https:\/\/mesnerhaus.at\/wp-content\/uploads\/tasteofherbst_07-768x1024.jpg 768w, https:\/\/mesnerhaus.at\/wp-content\/uploads\/tasteofherbst_07-225x300.jpg 225w, https:\/\/mesnerhaus.at\/wp-content\/uploads\/tasteofherbst_07-300x400.jpg 300w, https:\/\/mesnerhaus.at\/wp-content\/uploads\/tasteofherbst_07-800x1067.jpg 800w, https:\/\/mesnerhaus.at\/wp-content\/uploads\/tasteofherbst_07-560x747.jpg 560w, https:\/\/mesnerhaus.at\/wp-content\/uploads\/tasteofherbst_07.jpg 900w\" sizes=\"auto, (max-width: 768px) 100vw, 768px\" \/><\/figure>\n<\/figure>\n\n<h2 class=\"wp-block-heading\"><strong>Der Herbst auf dem Teller<\/strong><\/h2>\n\n<p class=\"wp-block-paragraph\">Was erwartet die G\u00e4ste an diesem Abend? Ein 6-Gang-Men\u00fc, das den Herbst in all seinen Facetten feiert. Andreas wird Produkte aus seiner Leoganger Heimat mitbringen \u2013 vielleicht den ber\u00fchmten Sauerk\u00e4se, wilde Pilze aus den umliegenden W\u00e4ldern oder das zarte Fleisch der Pinzgauer Rinder. Josef kontert mit den Sch\u00e4tzen des Lungaus \u2013 von der Eachtling-Kartoffel bis zum Hirsch aus den heimischen Revieren.<\/p>\n\n<p class=\"wp-block-paragraph\">Der Abend beginnt, wie es sich f\u00fcr ein solches Ereignis geh\u00f6rt, mit prickelndem Mo\u00ebt &amp; Chandon Champagner. Die feinen Perlen sind der perfekte Auftakt f\u00fcr das, was folgt: Sechs G\u00e4nge, die zeigen, was passiert, wenn zwei Meister ihres Fachs ihre Kr\u00e4fte vereinen. Dabei geht es nicht um Wettbewerb, sondern um Harmonie. Jeder Gang erz\u00e4hlt eine Geschichte \u2013 von der Region, von der Jahreszeit, von der Freundschaft zweier K\u00f6che.<\/p>\n\n<figure class=\"wp-block-gallery has-nested-images columns-default is-cropped wp-block-gallery-2 is-layout-flex wp-block-gallery-is-layout-flex\">\n<figure class=\"wp-block-image size-large\"><img loading=\"lazy\" decoding=\"async\" width=\"768\" height=\"1024\" data-id=\"14612\" src=\"https:\/\/mesnerhaus.at\/wp-content\/uploads\/tasteofherbst_04-768x1024.jpg\" alt=\"\" class=\"wp-image-14612\" srcset=\"https:\/\/mesnerhaus.at\/wp-content\/uploads\/tasteofherbst_04-768x1024.jpg 768w, https:\/\/mesnerhaus.at\/wp-content\/uploads\/tasteofherbst_04-225x300.jpg 225w, https:\/\/mesnerhaus.at\/wp-content\/uploads\/tasteofherbst_04-300x400.jpg 300w, https:\/\/mesnerhaus.at\/wp-content\/uploads\/tasteofherbst_04-800x1067.jpg 800w, https:\/\/mesnerhaus.at\/wp-content\/uploads\/tasteofherbst_04-560x747.jpg 560w, https:\/\/mesnerhaus.at\/wp-content\/uploads\/tasteofherbst_04.jpg 900w\" sizes=\"auto, (max-width: 768px) 100vw, 768px\" \/><\/figure>\n\n\n\n<figure class=\"wp-block-image size-large\"><img loading=\"lazy\" decoding=\"async\" width=\"768\" height=\"1024\" data-id=\"14614\" src=\"https:\/\/mesnerhaus.at\/wp-content\/uploads\/tasteofherbst_05-768x1024.jpg\" alt=\"\" class=\"wp-image-14614\" srcset=\"https:\/\/mesnerhaus.at\/wp-content\/uploads\/tasteofherbst_05-768x1024.jpg 768w, https:\/\/mesnerhaus.at\/wp-content\/uploads\/tasteofherbst_05-225x300.jpg 225w, https:\/\/mesnerhaus.at\/wp-content\/uploads\/tasteofherbst_05-300x400.jpg 300w, https:\/\/mesnerhaus.at\/wp-content\/uploads\/tasteofherbst_05-800x1067.jpg 800w, https:\/\/mesnerhaus.at\/wp-content\/uploads\/tasteofherbst_05-560x747.jpg 560w, https:\/\/mesnerhaus.at\/wp-content\/uploads\/tasteofherbst_05.jpg 900w\" sizes=\"auto, (max-width: 768px) 100vw, 768px\" \/><\/figure>\n\n\n\n<figure class=\"wp-block-image size-large\"><img loading=\"lazy\" decoding=\"async\" width=\"768\" height=\"1024\" data-id=\"14616\" src=\"https:\/\/mesnerhaus.at\/wp-content\/uploads\/tasteofherbst_06-768x1024.jpg\" alt=\"\" class=\"wp-image-14616\" srcset=\"https:\/\/mesnerhaus.at\/wp-content\/uploads\/tasteofherbst_06-768x1024.jpg 768w, https:\/\/mesnerhaus.at\/wp-content\/uploads\/tasteofherbst_06-225x300.jpg 225w, https:\/\/mesnerhaus.at\/wp-content\/uploads\/tasteofherbst_06-300x400.jpg 300w, https:\/\/mesnerhaus.at\/wp-content\/uploads\/tasteofherbst_06-800x1067.jpg 800w, https:\/\/mesnerhaus.at\/wp-content\/uploads\/tasteofherbst_06-560x747.jpg 560w, https:\/\/mesnerhaus.at\/wp-content\/uploads\/tasteofherbst_06.jpg 900w\" sizes=\"auto, (max-width: 768px) 100vw, 768px\" \/><\/figure>\n<\/figure>\n\n<h2 class=\"wp-block-heading\"><strong>Die perfekte Begleitung<\/strong><\/h2>\n\n<p class=\"wp-block-paragraph\">Das Weingut M\u00fcller wird an diesem Abend pers\u00f6nlich vertreten sein. Die Winzer haben gemeinsam mit den K\u00f6chen Weine ausgew\u00e4hlt, die nicht nur begleiten, sondern die herbstlichen Aromen verst\u00e4rken und neue Geschmacksdimensionen er\u00f6ffnen. Von mineralischen Wei\u00dfweinen zu kr\u00e4ftigen Rotweinen \u2013 jeder Tropfen ist sorgf\u00e4ltig auf den jeweiligen Gang abgestimmt.<\/p>\n\n<h2 class=\"wp-block-heading\"><strong>Ein Abend zum Erinnern<\/strong><\/h2>\n\n<p class=\"wp-block-paragraph\">289 Euro kostet dieser au\u00dfergew\u00f6hnliche Abend pro Person. Im Preis enthalten sind der Champagner-Empfang, das komplette 6-Gang-Men\u00fc mit Gedeck, die Weinbegleitung, V\u00f6slauer Wasser und \u2013 unbezahlbar \u2013 die M\u00f6glichkeit, zwei der besten K\u00f6che \u00d6sterreichs in kreativer H\u00f6chstform zu erleben.<\/p>\n\n<p class=\"wp-block-paragraph\">Die Pl\u00e4tze f\u00fcr dieses einmalige Gastspiel sind naturgem\u00e4\u00df limitiert. Wer dabei sein m\u00f6chte, wenn Andreas Herbst und Josef Steffner gemeinsam zeigen, warum der Herbst die sch\u00f6nste Jahreszeit f\u00fcr Genie\u00dfer ist, sollte nicht zu lange z\u00f6gern.<\/p>\n\n<p class=\"wp-block-paragraph\"><strong>The Taste of Herbst<\/strong> \u2013 mehr als nur ein Name. Es ist das Versprechen eines Abends, an dem der goldene Oktober nicht nur drau\u00dfen vor den Fenstern des Mesnerhauses leuchtet, sondern auch auf jedem einzelnen Teller.<\/p>\n\n<figure class=\"wp-block-gallery has-nested-images columns-default is-cropped wp-block-gallery-3 is-layout-flex wp-block-gallery-is-layout-flex\">\n<figure class=\"wp-block-image size-large\"><img loading=\"lazy\" decoding=\"async\" width=\"768\" height=\"1024\" data-id=\"14618\" src=\"https:\/\/mesnerhaus.at\/wp-content\/uploads\/tasteofherbst_11-768x1024.jpg\" alt=\"\" class=\"wp-image-14618\" srcset=\"https:\/\/mesnerhaus.at\/wp-content\/uploads\/tasteofherbst_11-768x1024.jpg 768w, https:\/\/mesnerhaus.at\/wp-content\/uploads\/tasteofherbst_11-225x300.jpg 225w, https:\/\/mesnerhaus.at\/wp-content\/uploads\/tasteofherbst_11-300x400.jpg 300w, https:\/\/mesnerhaus.at\/wp-content\/uploads\/tasteofherbst_11-800x1067.jpg 800w, https:\/\/mesnerhaus.at\/wp-content\/uploads\/tasteofherbst_11-560x747.jpg 560w, https:\/\/mesnerhaus.at\/wp-content\/uploads\/tasteofherbst_11.jpg 900w\" sizes=\"auto, (max-width: 768px) 100vw, 768px\" \/><\/figure>\n\n\n\n<figure class=\"wp-block-image size-large\"><img loading=\"lazy\" decoding=\"async\" width=\"768\" height=\"1024\" data-id=\"14620\" src=\"https:\/\/mesnerhaus.at\/wp-content\/uploads\/tasteofherbst_09-768x1024.jpg\" alt=\"\" class=\"wp-image-14620\" srcset=\"https:\/\/mesnerhaus.at\/wp-content\/uploads\/tasteofherbst_09-768x1024.jpg 768w, https:\/\/mesnerhaus.at\/wp-content\/uploads\/tasteofherbst_09-225x300.jpg 225w, https:\/\/mesnerhaus.at\/wp-content\/uploads\/tasteofherbst_09-300x400.jpg 300w, https:\/\/mesnerhaus.at\/wp-content\/uploads\/tasteofherbst_09-800x1067.jpg 800w, https:\/\/mesnerhaus.at\/wp-content\/uploads\/tasteofherbst_09-560x747.jpg 560w, https:\/\/mesnerhaus.at\/wp-content\/uploads\/tasteofherbst_09.jpg 900w\" sizes=\"auto, (max-width: 768px) 100vw, 768px\" \/><\/figure>\n\n\n\n<figure class=\"wp-block-image size-large\"><img loading=\"lazy\" decoding=\"async\" width=\"768\" height=\"1024\" data-id=\"14622\" src=\"https:\/\/mesnerhaus.at\/wp-content\/uploads\/tasteofherbst_08-768x1024.jpg\" alt=\"\" class=\"wp-image-14622\" srcset=\"https:\/\/mesnerhaus.at\/wp-content\/uploads\/tasteofherbst_08-768x1024.jpg 768w, https:\/\/mesnerhaus.at\/wp-content\/uploads\/tasteofherbst_08-225x300.jpg 225w, https:\/\/mesnerhaus.at\/wp-content\/uploads\/tasteofherbst_08-300x400.jpg 300w, https:\/\/mesnerhaus.at\/wp-content\/uploads\/tasteofherbst_08-800x1067.jpg 800w, https:\/\/mesnerhaus.at\/wp-content\/uploads\/tasteofherbst_08-560x747.jpg 560w, https:\/\/mesnerhaus.at\/wp-content\/uploads\/tasteofherbst_08.jpg 900w\" sizes=\"auto, (max-width: 768px) 100vw, 768px\" \/><\/figure>\n<\/figure>\n\n<p class=\"has-text-align-center buttonBlog wp-block-paragraph\"><a href=\"\/kontakt\/\">Lust auf mehr? Jetzt buchen!<\/a><\/p>\n","protected":false},"excerpt":{"rendered":"Two Michelin-starred chefs celebrate golden October.","protected":false},"author":2,"featured_media":14766,"comment_status":"closed","ping_status":"closed","sticky":false,"template":"","format":"standard","meta":{"_acf_changed":false,"footnotes":""},"categories":[383],"tags":[],"class_list":["post-2449","post","type-post","status-publish","format-standard","has-post-thumbnail","hentry","category-general"],"acf":[],"_links":{"self":[{"href":"https:\/\/mesnerhaus.at\/en\/wp-json\/wp\/v2\/posts\/2449","targetHints":{"allow":["GET"]}}],"collection":[{"href":"https:\/\/mesnerhaus.at\/en\/wp-json\/wp\/v2\/posts"}],"about":[{"href":"https:\/\/mesnerhaus.at\/en\/wp-json\/wp\/v2\/types\/post"}],"author":[{"embeddable":true,"href":"https:\/\/mesnerhaus.at\/en\/wp-json\/wp\/v2\/users\/2"}],"replies":[{"embeddable":true,"href":"https:\/\/mesnerhaus.at\/en\/wp-json\/wp\/v2\/comments?post=2449"}],"version-history":[{"count":10,"href":"https:\/\/mesnerhaus.at\/en\/wp-json\/wp\/v2\/posts\/2449\/revisions"}],"predecessor-version":[{"id":15500,"href":"https:\/\/mesnerhaus.at\/en\/wp-json\/wp\/v2\/posts\/2449\/revisions\/15500"}],"wp:featuredmedia":[{"embeddable":true,"href":"https:\/\/mesnerhaus.at\/en\/wp-json\/wp\/v2\/media\/14766"}],"wp:attachment":[{"href":"https:\/\/mesnerhaus.at\/en\/wp-json\/wp\/v2\/media?parent=2449"}],"wp:term":[{"taxonomy":"category","embeddable":true,"href":"https:\/\/mesnerhaus.at\/en\/wp-json\/wp\/v2\/categories?post=2449"},{"taxonomy":"post_tag","embeddable":true,"href":"https:\/\/mesnerhaus.at\/en\/wp-json\/wp\/v2\/tags?post=2449"}],"curies":[{"name":"wp","href":"https:\/\/api.w.org\/{rel}","templated":true}]}}