{"id":2445,"date":"2025-08-14T14:57:01","date_gmt":"2025-08-14T12:57:01","guid":{"rendered":"https:\/\/www.mesnerhaus.at\/?p=2445"},"modified":"2026-08-30T10:51:04","modified_gmt":"2026-08-30T08:51:04","slug":"literary-delights-at-the-mesnerhaus-sunday-december-7-2025","status":"publish","type":"post","link":"https:\/\/mesnerhaus.at\/en\/general\/literary-delights-at-the-mesnerhaus-sunday-december-7-2025\/","title":{"rendered":"Literary delights at the Mesnerhaus \u2013 Sunday, December 7, 2025"},"content":{"rendered":"\n<p class=\"wp-block-paragraph\"><strong>Worte. Geschmack. Ber\u00fchrung.<\/strong><\/p>\n\n<p class=\"wp-block-paragraph\">Wenn Poesie auf Haute Cuisine trifft, entsteht ein Abend f\u00fcr alle Sinne.<\/p>\n\n<p class=\"wp-block-paragraph\">Am zweiten Advent laden wir zu einem besonderen Erlebnis: <strong>Tamara H\u00f6poldseder<\/strong> entf\u00fchrt Sie zwischen vier kulinarischen G\u00e4ngen in die Welt ihrer \u201eEinfachheit der Worte\u201c. Ein Abend, an dem Josef Steffners Kochkunst und Tamaras lyrische Texte zu einem harmonischen Gesamtkunstwerk verschmelzen.<\/p>\n\n<p class=\"wp-block-paragraph\"><strong>Ein Dialog zwischen Gaumen und Seele:<\/strong> Zwischen den G\u00e4ngen liest Tamara H\u00f6poldseder aus ihrem Buch \u2013 Geschichten und Gedichte, die ber\u00fchren, nachdenklich machen und verzaubern. Ihre Worte \u00fcber das Menschsein, \u00fcber Ver\u00e4nderung und Wachstum schaffen eine besondere Atmosph\u00e4re, in der Genuss eine ganz neue Dimension erf\u00e4hrt.<\/p>\n\n<p class=\"wp-block-paragraph\"><strong>Der Abend im Detail:<\/strong><\/p>\n\n<ul class=\"wp-block-list\">\n<li>Empfang mit Aperitif<\/li>\n\n\n\n<li>4-G\u00e4nge-Men\u00fc von Josef Steffner<\/li>\n\n\n\n<li>Lesungen zwischen den G\u00e4ngen<\/li>\n\n\n\n<li>Signierte B\u00fccher vor Ort erh\u00e4ltlich<\/li>\n\n\n\n<li>Eine poetische \u00dcberraschung zum Mitnehmen<\/li>\n<\/ul>\n\n<p class=\"wp-block-paragraph\"><strong>Beginn: 18:30 Uhr<\/strong> | <strong>Preis f\u00fcr das 4-G\u00e4nge-Men\u00fc: \u20ac 118<\/strong><\/p>\n\n<p class=\"wp-block-paragraph\">Ein Abend, der nicht nur den Gaumen, sondern auch die Seele n\u00e4hrt. Wo die Einfachheit der Worte auf die Raffinesse der K\u00fcche trifft und gemeinsam Magie entsteht.<\/p>\n\n<p class=\"wp-block-paragraph\"><strong>Limitierte Pl\u00e4tze<\/strong> \u2013 Reservierung erforderlich.<\/p>\n\n<hr class=\"wp-block-separator has-alpha-channel-opacity\"\/>\n\n<p class=\"has-text-align-center wp-block-paragraph\"><em>\u201eAn diesem Abend streuen wir eine Prise Magie\u201c<\/em><br\/><em>Maria &amp; Josef Steffner mit Tamara H\u00f6poldseder<\/em><\/p>\n\n<p class=\"has-text-align-center buttonBlog wp-block-paragraph\"><a href=\"\/kontakt\/\">Jetzt buchen<\/a><\/p>\n\n<figure class=\"wp-block-gallery has-nested-images columns-4 is-cropped wp-block-gallery-1 is-layout-flex wp-block-gallery-is-layout-flex\">\n<figure class=\"wp-block-image size-large\"><img loading=\"lazy\" decoding=\"async\" width=\"768\" height=\"1024\" data-id=\"14628\" src=\"https:\/\/mesnerhaus.at\/wp-content\/uploads\/tamara_hoepoldseder_05-768x1024.jpg\" alt=\"\" class=\"wp-image-14628\" srcset=\"https:\/\/mesnerhaus.at\/wp-content\/uploads\/tamara_hoepoldseder_05-768x1024.jpg 768w, https:\/\/mesnerhaus.at\/wp-content\/uploads\/tamara_hoepoldseder_05-225x300.jpg 225w, https:\/\/mesnerhaus.at\/wp-content\/uploads\/tamara_hoepoldseder_05-300x400.jpg 300w, https:\/\/mesnerhaus.at\/wp-content\/uploads\/tamara_hoepoldseder_05-800x1067.jpg 800w, https:\/\/mesnerhaus.at\/wp-content\/uploads\/tamara_hoepoldseder_05-560x747.jpg 560w, https:\/\/mesnerhaus.at\/wp-content\/uploads\/tamara_hoepoldseder_05.jpg 900w\" sizes=\"auto, (max-width: 768px) 100vw, 768px\" \/><\/figure>\n\n\n\n<figure class=\"wp-block-image size-large\"><img loading=\"lazy\" decoding=\"async\" width=\"768\" height=\"1024\" data-id=\"14630\" src=\"https:\/\/mesnerhaus.at\/wp-content\/uploads\/tamara_hoepoldseder_06-768x1024.jpg\" alt=\"\" class=\"wp-image-14630\" srcset=\"https:\/\/mesnerhaus.at\/wp-content\/uploads\/tamara_hoepoldseder_06-768x1024.jpg 768w, https:\/\/mesnerhaus.at\/wp-content\/uploads\/tamara_hoepoldseder_06-225x300.jpg 225w, https:\/\/mesnerhaus.at\/wp-content\/uploads\/tamara_hoepoldseder_06-300x400.jpg 300w, https:\/\/mesnerhaus.at\/wp-content\/uploads\/tamara_hoepoldseder_06-800x1067.jpg 800w, https:\/\/mesnerhaus.at\/wp-content\/uploads\/tamara_hoepoldseder_06-560x747.jpg 560w, https:\/\/mesnerhaus.at\/wp-content\/uploads\/tamara_hoepoldseder_06.jpg 900w\" sizes=\"auto, (max-width: 768px) 100vw, 768px\" \/><\/figure>\n\n\n\n<figure class=\"wp-block-image size-large\"><img loading=\"lazy\" decoding=\"async\" width=\"750\" height=\"885\" data-id=\"14632\" src=\"https:\/\/mesnerhaus.at\/wp-content\/uploads\/tamara_hoepoldseder_03.jpg\" alt=\"\" class=\"wp-image-14632\" srcset=\"https:\/\/mesnerhaus.at\/wp-content\/uploads\/tamara_hoepoldseder_03.jpg 750w, https:\/\/mesnerhaus.at\/wp-content\/uploads\/tamara_hoepoldseder_03-254x300.jpg 254w, https:\/\/mesnerhaus.at\/wp-content\/uploads\/tamara_hoepoldseder_03-560x661.jpg 560w\" sizes=\"auto, (max-width: 750px) 100vw, 750px\" \/><\/figure>\n\n\n\n<figure class=\"wp-block-image size-large\"><img loading=\"lazy\" decoding=\"async\" width=\"705\" height=\"984\" data-id=\"14634\" src=\"https:\/\/mesnerhaus.at\/wp-content\/uploads\/tamara_hoepoldseder_02.jpg\" alt=\"\" class=\"wp-image-14634\" srcset=\"https:\/\/mesnerhaus.at\/wp-content\/uploads\/tamara_hoepoldseder_02.jpg 705w, https:\/\/mesnerhaus.at\/wp-content\/uploads\/tamara_hoepoldseder_02-215x300.jpg 215w, https:\/\/mesnerhaus.at\/wp-content\/uploads\/tamara_hoepoldseder_02-560x782.jpg 560w\" sizes=\"auto, (max-width: 705px) 100vw, 705px\" \/><\/figure>\n<\/figure>\n\n<h2 class=\"wp-block-heading\"><strong>\u00dcber die Autorin:<\/strong><\/h2>\n\n<p class=\"wp-block-paragraph\"><strong>Tamara H\u00f6poldseder<\/strong> begleitet seit \u00fcber zehn Jahren Menschen auf ihrem Weg zu mehr Bewusstsein und Klarheit. In \u201eDie Einfachheit der Worte&#8221; verbindet sie ihre Begeisterung f\u00fcr das Menschsein mit ber\u00fchrenden Texten. <\/p>\n\n<p class=\"wp-block-paragraph\"><a href=\"https:\/\/www.amazon.de\/Die-Einfachheit-Worte-Eine-Kollektion\/dp\/3710359082\/\" target=\"_blank\" rel=\"noreferrer noopener nofollow\"><strong>Link zum Buch auf Amazon<\/strong><\/a> (Kein Affiliate!)<\/p>\n\n<p class=\"wp-block-paragraph\"><a href=\"https:\/\/dreiklang-development.com\" target=\"_blank\" rel=\"noreferrer noopener nofollow\"><strong>www.dreiklang-development.com<\/strong><\/a><\/p>\n","protected":false},"excerpt":{"rendered":"Literary delights and a four-course menu at the Mesnerhaus.","protected":false},"author":2,"featured_media":14803,"comment_status":"closed","ping_status":"closed","sticky":false,"template":"","format":"standard","meta":{"_acf_changed":false,"footnotes":""},"categories":[383],"tags":[],"class_list":["post-2445","post","type-post","status-publish","format-standard","has-post-thumbnail","hentry","category-general"],"acf":[],"_links":{"self":[{"href":"https:\/\/mesnerhaus.at\/en\/wp-json\/wp\/v2\/posts\/2445","targetHints":{"allow":["GET"]}}],"collection":[{"href":"https:\/\/mesnerhaus.at\/en\/wp-json\/wp\/v2\/posts"}],"about":[{"href":"https:\/\/mesnerhaus.at\/en\/wp-json\/wp\/v2\/types\/post"}],"author":[{"embeddable":true,"href":"https:\/\/mesnerhaus.at\/en\/wp-json\/wp\/v2\/users\/2"}],"replies":[{"embeddable":true,"href":"https:\/\/mesnerhaus.at\/en\/wp-json\/wp\/v2\/comments?post=2445"}],"version-history":[{"count":5,"href":"https:\/\/mesnerhaus.at\/en\/wp-json\/wp\/v2\/posts\/2445\/revisions"}],"predecessor-version":[{"id":15499,"href":"https:\/\/mesnerhaus.at\/en\/wp-json\/wp\/v2\/posts\/2445\/revisions\/15499"}],"wp:featuredmedia":[{"embeddable":true,"href":"https:\/\/mesnerhaus.at\/en\/wp-json\/wp\/v2\/media\/14803"}],"wp:attachment":[{"href":"https:\/\/mesnerhaus.at\/en\/wp-json\/wp\/v2\/media?parent=2445"}],"wp:term":[{"taxonomy":"category","embeddable":true,"href":"https:\/\/mesnerhaus.at\/en\/wp-json\/wp\/v2\/categories?post=2445"},{"taxonomy":"post_tag","embeddable":true,"href":"https:\/\/mesnerhaus.at\/en\/wp-json\/wp\/v2\/tags?post=2445"}],"curies":[{"name":"wp","href":"https:\/\/api.w.org\/{rel}","templated":true}]}}